{"id":3599,"date":"2023-09-28T13:19:03","date_gmt":"2023-09-28T17:19:03","guid":{"rendered":"https:\/\/immigrantintegration.org\/?p=3599"},"modified":"2024-03-09T12:10:16","modified_gmt":"2024-03-09T17:10:16","slug":"campana-de-ciudadania-2023","status":"publish","type":"post","link":"https:\/\/immigrantintegration.org\/archived\/2024\/campana-de-ciudadania-2023\/","title":{"rendered":"Campa\u00f1a de Ciudadan\u00eda 2023","gt_translate_keys":[{"key":"rendered","format":"text"}]},"content":{"rendered":"\n<div class=\"wp-block-buttons is-content-justification-center is-layout-flex wp-container-core-buttons-is-layout-16018d1d wp-block-buttons-is-layout-flex\">\n<div class=\"wp-block-button has-custom-font-size has-large-font-size\"><a class=\"wp-block-button__link has-white-color has-vivid-red-background-color has-text-color has-background wp-element-button\" href=\"https:\/\/immigrantintegration.org\/archived\/citidrive2023\/\">CAMPA\u00d1A DE CIUDADANIA 2023<\/a><\/div>\n<\/div>\n\n\n\n<hr class=\"wp-block-separator has-alpha-channel-opacity\"\/>\n\n\n\n<figure class=\"wp-block-embed aligncenter is-type-video is-provider-youtube wp-block-embed-youtube wp-embed-aspect-16-9 wp-has-aspect-ratio\"><div class=\"wp-block-embed__wrapper\">\n<iframe title=\"CAMPA\u00d1A DE CIUDADANIA 2023\" width=\"500\" height=\"281\" src=\"https:\/\/www.youtube.com\/embed\/oEAa6RmQbng?feature=oembed\" frameborder=\"0\" allow=\"accelerometer; autoplay; clipboard-write; encrypted-media; gyroscope; picture-in-picture; web-share\" referrerpolicy=\"strict-origin-when-cross-origin\" allowfullscreen><\/iframe>\n<\/div><\/figure>\n\n\n\n<hr class=\"wp-block-separator has-alpha-channel-opacity\"\/>\n\n\n\n<h2 class=\"wp-block-heading has-text-align-center\" style=\"font-size:18px\">Resumen de la Campa\u00f1a de Ciudadan\u00eda 2023<\/h2>\n\n\n\n<p style=\"font-size:14px\">La Campa\u00f1a de Ciudadan\u00eda 2023, un evento crucial en el camino hacia la ciudadan\u00eda estadounidense, tuvo lugar el 27 de septiembre de 2023, en el Center City Mall de Paterson, NJ. Organizado por la Immigration and American Citizenship Organization (IACO), el evento atrajo a m\u00e1s de 50 participantes ansiosos por informarse y avanzar en su proceso de naturalizaci\u00f3n.<\/p>\n\n\n\n<h3 class=\"wp-block-heading has-text-align-left\" style=\"font-size:16px\">Asistencia y Servicios Gratuitos destacados:<\/h3>\n\n\n\n<ul class=\"wp-block-list\">\n<li style=\"font-size:14px\"><strong>Participaci\u00f3n de la Comunidad:<\/strong> El evento fue un \u00e9xito rotundo con la asistencia de m\u00e1s de 50 personas. Este gran n\u00famero no solo subraya el inter\u00e9s en la ciudadan\u00eda estadounidense sino tambi\u00e9n la confianza en los servicios y la informaci\u00f3n proporcionada por la IACO y sus asociados.<\/li>\n\n\n\n<li style=\"font-size:14px\"><strong>Consultas Personalizadas Gratuitas:<\/strong> De manera destacada, los asistentes recibieron la oportunidad \u00fanica de aprovechar las consultas personalizadas gratuitas. Estas sesiones proporcionaron orientaci\u00f3n esencial, permitiendo a los individuos recibir asesoramiento personalizado y claridad sobre el proceso de aplicaci\u00f3n para la ciudadan\u00eda, tambi\u00e9n de manera gratuita.<\/li>\n\n\n\n<li style=\"font-size:14px\"><strong>Inscripciones a Clases de Ciudadan\u00eda:<\/strong> En un gesto de apoyo continuo, se ofrecieron inscripciones gratuitas a clases de ciudadan\u00eda. Este recurso valioso asegura que los aspirantes a ciudadanos est\u00e9n bien preparados para los desaf\u00edos que puedan enfrentar durante el proceso de naturalizaci\u00f3n, reafirmando el compromiso de las organizaciones participantes con la educaci\u00f3n y la integraci\u00f3n c\u00edvica.<\/li>\n<\/ul>\n\n\n\n<h3 class=\"wp-block-heading has-text-align-left\" style=\"font-size:16px\">Actividades Principales:<\/h3>\n\n\n\n<div class=\"wp-block-media-text is-stacked-on-mobile\" style=\"grid-template-columns:15% auto\"><figure class=\"wp-block-media-text__media\"><img decoding=\"async\" width=\"96\" height=\"96\" src=\"https:\/\/immigrantintegration.org\/immigrantint\/wp-content\/uploads\/2023\/10\/icons8-conference-96-1.png\" alt=\"\" class=\"wp-image-3606 size-full\" srcset=\"https:\/\/immigrantintegration.org\/archived\/2024\/wp-content\/uploads\/2023\/10\/icons8-conference-96-1.png 96w, https:\/\/immigrantintegration.org\/archived\/2024\/wp-content\/uploads\/2023\/10\/icons8-conference-96-1-85x85.png 85w\" sizes=\"(max-width: 96px) 100vw, 96px\" \/><\/figure><div class=\"wp-block-media-text__content\">\n<h2 class=\"wp-block-heading\" style=\"font-size:16px\">Sesion Informativa<\/h2>\n\n\n\n<p style=\"font-size:14px\">Los participantes asistieron a una sesi\u00f3n informativa de naturalizaci\u00f3n exhaustiva presentada por un representante de los Servicios de Ciudadan\u00eda e Inmigraci\u00f3n de los Estados Unidos (USCIS). Estas sesiones ofrecieron informaci\u00f3n esencial sobre el proceso de naturalizaci\u00f3n, proporcionando una plataforma para preguntas y respuestas y permitiendo a los aspirantes a ciudadanos comprender mejor el camino hacia la ciudadan\u00eda estadounidense<\/p>\n<\/div><\/div>\n\n\n\n<div class=\"wp-block-media-text is-stacked-on-mobile\" style=\"grid-template-columns:15% auto\"><figure class=\"wp-block-media-text__media\"><img decoding=\"async\" width=\"96\" height=\"96\" src=\"https:\/\/immigrantintegration.org\/immigrantint\/wp-content\/uploads\/2023\/10\/icons8-conference-96.png\" alt=\"\" class=\"wp-image-3604 size-full\" srcset=\"https:\/\/immigrantintegration.org\/archived\/2024\/wp-content\/uploads\/2023\/10\/icons8-conference-96.png 96w, https:\/\/immigrantintegration.org\/archived\/2024\/wp-content\/uploads\/2023\/10\/icons8-conference-96-85x85.png 85w\" sizes=\"(max-width: 96px) 100vw, 96px\" \/><\/figure><div class=\"wp-block-media-text__content\">\n<h2 class=\"wp-block-heading\" style=\"font-size:16px\">Consultas Legales<\/h2>\n\n\n\n<p style=\"font-size:14px\">El evento ofreci\u00f3 evaluaciones gratuitas de elegibilidad para la naturalizaci\u00f3n y aplicaciones gratuitas, aunque con disponibilidad limitada, destacando la necesidad de inscripci\u00f3n previa. Este servicio permiti\u00f3 a los individuos entender sus posibilidades y prepararse mejor para el proceso de solicitud.<\/p>\n<\/div><\/div>\n\n\n\n<div class=\"wp-block-media-text is-stacked-on-mobile\" style=\"grid-template-columns:15% auto\"><figure class=\"wp-block-media-text__media\"><img decoding=\"async\" width=\"96\" height=\"96\" src=\"https:\/\/immigrantintegration.org\/immigrantint\/wp-content\/uploads\/2023\/10\/icons8-people-working-together-96.png\" alt=\"\" class=\"wp-image-3650 size-full\" srcset=\"https:\/\/immigrantintegration.org\/archived\/2024\/wp-content\/uploads\/2023\/10\/icons8-people-working-together-96.png 96w, https:\/\/immigrantintegration.org\/archived\/2024\/wp-content\/uploads\/2023\/10\/icons8-people-working-together-96-85x85.png 85w\" sizes=\"(max-width: 96px) 100vw, 96px\" \/><\/figure><div class=\"wp-block-media-text__content\">\n<h2 class=\"wp-block-heading\" style=\"font-size:16px\">Mesas Informativas<\/h2>\n\n\n\n<p style=\"font-size:14px\">Se establecieron varias mesas informativas para educar a los participantes sobre los derechos y deberes de los ciudadanos estadounidenses, as\u00ed como sobre los derechos laborales y de salud espec\u00edficos para los residentes de Nueva Jersey.<\/p>\n<\/div><\/div>\n\n\n\n<h3 class=\"wp-block-heading has-text-align-left\" style=\"font-size:16px\">Participantes Destacados:<\/h3>\n\n\n\n<p style=\"font-size:14px\">El evento cont\u00f3 con la presencia de personalidades clave, incluyendo a Gustavo Ramirez y Ileana Montes de la IACO, Mark Parry, abogado de inmigraci\u00f3n y miembro de la junta directiva de IACO, y representantes de USCIS y otras organizaciones. Cada uno aport\u00f3 su experiencia y conocimientos, enriqueciendo la discusi\u00f3n y el aprendizaje.<\/p>\n\n\n\n<h3 class=\"wp-block-heading has-text-align-left\" style=\"font-size:16px\">Organizaciones Participantes:<\/h3>\n\n\n\n<p style=\"font-size:14px\">Varias agencias y organizaciones estuvieron presentes, incluyendo el Department of Homeland Security (USCIS), el Center for Hispanic Policy, Research and Development (CHPRD), y la NJ Office of New Americans (NJ ONA). Su participaci\u00f3n subray\u00f3 la importancia y el apoyo interinstitucional para la integraci\u00f3n de los nuevos ciudadanos.<\/p>\n\n\n\n<h3 class=\"wp-block-heading has-text-align-left\" style=\"font-size:16px\">Conclusi\u00f3n:<\/h3>\n\n\n\n<p style=\"font-size:14px\">La Campa\u00f1a de Ciudadan\u00eda fue un evento significativo, proporcionando una plataforma integral para aquellos que buscan la ciudadan\u00eda estadounidense. Desde sesiones informativas hasta consultas legales, el evento busc\u00f3 educar, guiar y asistir a los aspirantes en su traves\u00eda hacia la ciudadan\u00eda, respaldado por expertos y organizaciones dedicadas a este campo.<\/p>\n","protected":false,"gt_translate_keys":[{"key":"rendered","format":"html"}]},"excerpt":{"rendered":"<p>Resumen de la Campa\u00f1a de Ciudadan\u00eda 2023 La Campa\u00f1a de Ciudadan\u00eda 2023, un evento crucial en el camino hacia la ciudadan\u00eda estadounidense, tuvo lugar el 27 de septiembre de 2023, en el Center City Mall de Paterson, NJ. Organizado por&#8230;<\/p>\n","protected":false,"gt_translate_keys":[{"key":"rendered","format":"html"}]},"author":1,"featured_media":0,"comment_status":"closed","ping_status":"closed","sticky":false,"template":"","format":"standard","meta":{"_monsterinsights_skip_tracking":false,"_monsterinsights_sitenote_active":false,"_monsterinsights_sitenote_note":"","_monsterinsights_sitenote_category":0,"footnotes":""},"categories":[16,18],"tags":[],"class_list":["post-3599","post","type-post","status-publish","format-standard","hentry","category-conferences","category-events"],"gt_translate_keys":[{"key":"link","format":"url"}],"_links":{"self":[{"href":"https:\/\/immigrantintegration.org\/archived\/2024\/wp-json\/wp\/v2\/posts\/3599","targetHints":{"allow":["GET"]}}],"collection":[{"href":"https:\/\/immigrantintegration.org\/archived\/2024\/wp-json\/wp\/v2\/posts"}],"about":[{"href":"https:\/\/immigrantintegration.org\/archived\/2024\/wp-json\/wp\/v2\/types\/post"}],"author":[{"embeddable":true,"href":"https:\/\/immigrantintegration.org\/archived\/2024\/wp-json\/wp\/v2\/users\/1"}],"replies":[{"embeddable":true,"href":"https:\/\/immigrantintegration.org\/archived\/2024\/wp-json\/wp\/v2\/comments?post=3599"}],"version-history":[{"count":5,"href":"https:\/\/immigrantintegration.org\/archived\/2024\/wp-json\/wp\/v2\/posts\/3599\/revisions"}],"predecessor-version":[{"id":3724,"href":"https:\/\/immigrantintegration.org\/archived\/2024\/wp-json\/wp\/v2\/posts\/3599\/revisions\/3724"}],"wp:attachment":[{"href":"https:\/\/immigrantintegration.org\/archived\/2024\/wp-json\/wp\/v2\/media?parent=3599"}],"wp:term":[{"taxonomy":"category","embeddable":true,"href":"https:\/\/immigrantintegration.org\/archived\/2024\/wp-json\/wp\/v2\/categories?post=3599"},{"taxonomy":"post_tag","embeddable":true,"href":"https:\/\/immigrantintegration.org\/archived\/2024\/wp-json\/wp\/v2\/tags?post=3599"}],"curies":[{"name":"wp","href":"https:\/\/api.w.org\/{rel}","templated":true}]}}